{"id":12,"date":"2016-01-14T21:23:34","date_gmt":"2016-01-14T21:23:34","guid":{"rendered":"http:\/\/howifoughtthegermansandwon.de\/?p=12"},"modified":"2016-01-14T21:23:34","modified_gmt":"2016-01-14T21:23:34","slug":"sachen-die-ich-an-deutschland-magisch-fand-tisch","status":"publish","type":"post","link":"http:\/\/berlinerisch.com\/de\/2016\/01\/14\/sachen-die-ich-an-deutschland-magisch-fand-tisch\/","title":{"rendered":"Sachen die ich an Deutschland magisch fand: Tischm\u00fclleimer"},"content":{"rendered":"<p>Das erste Mal, als ich einem begegnete, ging ich davon aus, dass es etwas leckeres zum Fr\u00fchst\u00fcck in sich verbarg. Noch mehr Butter. Milch. Vielleicht ein Fr\u00fcchtetee? Aber es war komisch geformt und sah aus wie ein klitzekleiner M\u00fclleimer.<\/p>\n<p>Und es sah so aus, weil es tats\u00e4chlich einer war. Es war ein mini M\u00fclleimer auf dem Tisch. Ein Tischm\u00fclleimer.<\/p>\n<figure id=\"attachment_13\" aria-describedby=\"caption-attachment-13\" style=\"width: 225px\" class=\"wp-caption aligncenter\"><img loading=\"lazy\" decoding=\"async\" class=\"wp-image-13 size-full\" src=\"http:\/\/berlinerisch.com\/de\/wp-content\/uploads\/sites\/3\/2016\/01\/9587911_582501f19e_z-225x3001.jpg\" alt=\"Tischm\u00fclleimer\" width=\"225\" height=\"300\" \/><figcaption id=\"caption-attachment-13\" class=\"wp-caption-text\">Pic Jochen Wegner unter <a href=\"https:\/\/creativecommons.org\/licenses\/by-nc-sa\/2.0\/legalcode\" target=\"_blank\">Creative Commons<\/a><\/figcaption><\/figure>\n<p>Das ist gut 30 Jahre her und ich freue mich immer noch, wenn ich einem begegne und benutze sie dann leidenschaftlich. Besonders h\u00e4ufig anzutreffen in Pensionen mit Dusche auf dem Gang oder bei Omas.<\/p>\n<p>Tischm\u00fclleimer. Wie genial.<\/p>\n<p>\u201eAch was. Schreib\u00b4 doch nicht dar\u00fcber,\u201c sagt meine deutsche Frau gerade. \u201cDie sind total old fashioned. Niemand benutzt die heutzutage noch.\u201d<\/p>\n<p>Oh doch. Meine Liebe!<\/p>\n<p>Google mal <a href=\"http:\/\/lmgtfy.com\/?q=Tischm%C3%BClleimer\" target=\"_blank\">Tischm\u00fclleimer<\/a><em>. <\/em>Endlose Hersteller. Oder versuche es bei Amazon mit <a href=\"http:\/\/www.amazon.de\/s\/ref=nb_sb_noss?__mk_de_DE=%C3%85M%C3%85%C5%BD%C3%95%C3%91&amp;url=search-alias%3Daps&amp;field-keywords=Tischabfalleimer+\" target=\"_blank\">Tischabfalleimer<\/a>. Noch mehr Varianten. Schau weiter es gibt sogar <a href=\"https:\/\/www.hood.de\/i\/sulo-mini-muelltonne-miniatur-muellcontainer-neu-original-dekoration-buero-53066209.htm\" target=\"_blank\">Mini-M\u00fcllcontainer<\/a>.<\/p>\n<p>N\u00e4mlich weil Tischm\u00fclleimer gar nicht so old fashioned sind.<\/p>\n<p>Wie besessen mit Ordnung muss man sein, um Tischabfallbeh\u00e4lter auf dem Tisch zu platzieren? So besessen, dass man den M\u00fcll erstmal raustragen muss, bevor man die R\u00fchreier mit Speck aufgegessen hat.<\/p>\n<p>Als Teenie fand ich der Tischm\u00fclleimer ein Geniestreich. Ich war durchaus mehr besessen von Ordnung damals als heute. Damals, als ich besessen von Ordnung war\u2026 Fand ich es halt nett, dass man Br\u00f6tchen schmieren konnte und trotzdem einen aufger\u00e4umten Tisch hatte. Deutsches Fr\u00fchst\u00fcck bedarf deiner vollen Aufmerksamkeit!<\/p>\n<p>Und \u00fcberhaupt: Tischm\u00fclleimer machen Sinn, wenn man an die nicht-gerade-Umwelt-freundlichen Fr\u00fchst\u00fccksverpackungen denkt. Marmelade. Honig. Butter. Frischk\u00e4se. Schmelzk\u00e4se. Pumpernickel. Nutella. Aspirin. Alles einzeln verpackt. Das sorgt f\u00fcr Unordnung. Und das bereits am Morgen! Sogar die Schalen der gekochten Eier passen rein. (Ein bisschen Schale bleibt nat\u00fcrlich immer am Ei und wenn keiner so genau hin sieht, dann spuckt man die einfach direkt in das Eimerchen.)<\/p>\n<p>Und noch besser: Herr Kellner muss gar nicht zum Aufr\u00e4umen st\u00f6ren w\u00e4hrend man Quark frisst und G\u00f6the lautstark zitiert. Man kann einfach zwischendurch Ordnung schaffen und weiter wird geGoethelt.<\/p>\n<p>Als ich in der 9. Klasse in Amerika war, dachte ich, dass wenn ich endlich erwachsen bin, werde ich jede CD meiner Lieblingsbands haben. Aber als ich Austauschsch\u00fcler in Deutschland wurde, wusste ich: Erwachsen sein, hei\u00dft ein Tischm\u00fclleimer auf jedem Tisch.<\/p>\n<p>Heute bin ich erwachsen. Und ich habe weder Musik CDs noch Tischm\u00fclleimer.<\/p>\n<p>Und ich zitiere nie G\u00f6the.<\/p>\n<p>&nbsp;<\/p>\n","protected":false},"excerpt":{"rendered":"<p>Das erste Mal, als ich einem begegnete, ging ich davon aus, dass es etwas leckeres zum Fr\u00fchst\u00fcck in sich verbarg. Noch mehr Butter. Milch. Vielleicht&#8230;<\/p>\n<div class=\"more-link-wrapper\"><a class=\"more-link\" href=\"http:\/\/berlinerisch.com\/de\/2016\/01\/14\/sachen-die-ich-an-deutschland-magisch-fand-tisch\/\">Weiterlesen<span class=\"screen-reader-text\">Sachen die ich an Deutschland magisch fand: Tischm\u00fclleimer<\/span><\/a><\/div>\n","protected":false},"author":1,"featured_media":0,"comment_status":"open","ping_status":"open","sticky":false,"template":"","format":"standard","meta":{"footnotes":""},"categories":[6],"tags":[22,32],"class_list":["post-12","post","type-post","status-publish","format-standard","hentry","category-magisch","tag-fruehstueck","tag-magisch","entry"],"_links":{"self":[{"href":"http:\/\/berlinerisch.com\/de\/wp-json\/wp\/v2\/posts\/12","targetHints":{"allow":["GET"]}}],"collection":[{"href":"http:\/\/berlinerisch.com\/de\/wp-json\/wp\/v2\/posts"}],"about":[{"href":"http:\/\/berlinerisch.com\/de\/wp-json\/wp\/v2\/types\/post"}],"author":[{"embeddable":true,"href":"http:\/\/berlinerisch.com\/de\/wp-json\/wp\/v2\/users\/1"}],"replies":[{"embeddable":true,"href":"http:\/\/berlinerisch.com\/de\/wp-json\/wp\/v2\/comments?post=12"}],"version-history":[{"count":0,"href":"http:\/\/berlinerisch.com\/de\/wp-json\/wp\/v2\/posts\/12\/revisions"}],"wp:attachment":[{"href":"http:\/\/berlinerisch.com\/de\/wp-json\/wp\/v2\/media?parent=12"}],"wp:term":[{"taxonomy":"category","embeddable":true,"href":"http:\/\/berlinerisch.com\/de\/wp-json\/wp\/v2\/categories?post=12"},{"taxonomy":"post_tag","embeddable":true,"href":"http:\/\/berlinerisch.com\/de\/wp-json\/wp\/v2\/tags?post=12"}],"curies":[{"name":"wp","href":"https:\/\/api.w.org\/{rel}","templated":true}]}}