{"id":46,"date":"2016-01-26T22:33:54","date_gmt":"2016-01-26T22:33:54","guid":{"rendered":"http:\/\/howifoughtthegermansandwon.de\/?p=46"},"modified":"2016-01-26T22:33:54","modified_gmt":"2016-01-26T22:33:54","slug":"hier-ist-ne-luft-drin","status":"publish","type":"post","link":"http:\/\/berlinerisch.com\/de\/2016\/01\/26\/hier-ist-ne-luft-drin\/","title":{"rendered":"Hier ist &#8217;ne Luft drin."},"content":{"rendered":"<p>Manchmal frage ich mich, ob Deutsche W\u00e4rme hassen.<\/p>\n<p>Meine aller erste Winter in Deutschland war der k\u00e4lteste meines Lebens. Ich bin zwar im Bundesstaat Colorado am Fu\u00dfe der Rocky Mountains gro\u00df geworden, aber ich wusste nicht, dass die Welt so kalt sein k\u00f6nnte.<\/p>\n<p>Oder vielleicht hatte ich einfach die falsche Jacke?<\/p>\n<figure id=\"attachment_47\" aria-describedby=\"caption-attachment-47\" style=\"width: 420px\" class=\"wp-caption aligncenter\"><img loading=\"lazy\" decoding=\"async\" class=\"size-full wp-image-47\" src=\"http:\/\/berlinerisch.com\/de\/wp-content\/uploads\/sites\/3\/2016\/01\/closethiswindow.jpg\" alt=\"Kalter Winter\" width=\"420\" height=\"319\" srcset=\"http:\/\/berlinerisch.com\/de\/wp-content\/uploads\/sites\/3\/2016\/01\/closethiswindow.jpg 420w, http:\/\/berlinerisch.com\/de\/wp-content\/uploads\/sites\/3\/2016\/01\/closethiswindow-300x228.jpg 300w\" sizes=\"auto, (max-width: 420px) 100vw, 420px\" \/><figcaption id=\"caption-attachment-47\" class=\"wp-caption-text\">Bild danke <a href=\"https:\/\/www.flickr.com\/photos\/kompott\/\" target=\"_blank\">Marcus Pink<\/a> via <a href=\"https:\/\/creativecommons.org\/licenses\/by\/2.0\/\" target=\"_blank\">Creative Commons<\/a>.<\/figcaption><\/figure>\n<p>Wenn ich es kurz \u00fcberlege, wird mir klar, dass ich die falsche Jacke trug. Denn im deutschen Winter braucht man keine Jacke. Man braucht einen Anorak. Man braucht nicht Kleidung bei solcher K\u00e4lte. Man braucht eine L\u00f6sung.<\/p>\n<p>Und es war besonders kalt, als ich jeden Morgen ein Kilometer in der falschen Jacke zum Gymnasium lief. Bis ich da ankam, war ich durchgefroren. Mir war so kalt, dass selbst einigen meiner Verwandten kalt wurde.<\/p>\n<p>Ich ging in die Schule und lief die Treppe hoch bis ich in meiner Philosophieklasse ankam. Es war das w\u00e4rmste, angenehmste Zimmer, dem ich je begegnete. Es war ein Zimmer, wo die Heizung die ganze Nacht lief. Das Zimmer wartete nur darauf, mich zu erw\u00e4rmen.<\/p>\n<p>\u201eDrew\u201c, sagte das Zimmer. \u201eKomm rein. Dein Leid hat ein Ende.\u201d<\/p>\n<p>Es war mehr als W\u00e4rme. Es war Erl\u00f6sung.<\/p>\n<p>Bis Thilo ankam. In Amerika haben wir auch Thilos. Sie hei\u00dfen Chad. Jeder leidet wenn Chad und Thilo da sind. Die sind zwar immer beliebt aber sie sind oft eher fies. Thilos und Chads halt.<\/p>\n<p>Thilo wurde nicht von der W\u00e4rme gew\u00e4rmt. Er wurde beleidigt.<\/p>\n<p>\u201c<em>Meine Fresse<\/em>\u201d, sagte Thilo jeden Winter morgen. \u201c<em>Hier ist eine Luft drin!<\/em>\u201c<\/p>\n<p>Und damit riss er s\u00e4mtliche Fenster soweit auf wie nur m\u00f6glich. Meine Mitsch\u00fcler teilten seine Meinung und niemand war zufrieden, bis die Zimmertemperatur die sibirische Au\u00dfentemperatur erreichte. Nur dann wurde die Luft heile. Dann wurden die Fenster zugemacht und ich durfte weiter frieren. Und meine Verwandten auch.<\/p>\n<p>Deutsche scheinen sich oft \u00fcber warme Luft zu \u00e4rgern. Das Problem wird durch so genanntes Sto\u00dfl\u00fcften beseitigt. Man tauscht mit Sto\u00dfl\u00fcften die b\u00f6se warme Luft gegen sympathische kalte Luft aus. Anscheinend darf man sich nur in warmer Luft aufhalten, wenn man dabei war, als die Luft sich erw\u00e4rmen lie\u00df. Au\u00dfer in der Sauna.<\/p>\n<p>Die Wissenschaft dahinter verstehe ich nicht so ganz.<\/p>\n<p>Diese Luftwut habe ich in der Schule meiner Kinder, im B\u00fcro, wo ich gearbeitet habe, und sogar von Putzfrauen in Hotels erlebt. In Raucherkneipen? Ne, da ist die Luft nie beleidigend. Krebserregend aber nicht beleidigend.<\/p>\n<p>Ein deutscher Kumpel erkl\u00e4rte mir mal, dass stickige Luft weniger Sauerstoff enth\u00e4lt. Sie ist daher f\u00fcr Lebewesen ungeeignet. Wie Mars. Selbst Zimmer, die 12 Stunden leer stehen leiden unter Sauerstoffmangel.<\/p>\n<p>Da komme ich wieder mal nicht ganz hinter die Wissenschaft, die dahinter steckt.<\/p>\n<p>Aber Januar ist bald vorbei. W\u00e4rmere Zeiten sind um die Ecke.<\/p>\n<p>Bald kann man wieder Drau\u00dfen sitzen.<\/p>\n","protected":false},"excerpt":{"rendered":"<p>Manchmal frage ich mich, ob Deutsche W\u00e4rme hassen. Meine aller erste Winter in Deutschland war der k\u00e4lteste meines Lebens. Ich bin zwar im Bundesstaat Colorado&#8230;<\/p>\n<div class=\"more-link-wrapper\"><a class=\"more-link\" href=\"http:\/\/berlinerisch.com\/de\/2016\/01\/26\/hier-ist-ne-luft-drin\/\">Weiterlesen<span class=\"screen-reader-text\">Hier ist &#8217;ne Luft drin.<\/span><\/a><\/div>\n","protected":false},"author":1,"featured_media":0,"comment_status":"open","ping_status":"open","sticky":false,"template":"","format":"standard","meta":{"footnotes":""},"categories":[5],"tags":[],"class_list":["post-46","post","type-post","status-publish","format-standard","hentry","category-leben-in-deutschland","entry"],"_links":{"self":[{"href":"http:\/\/berlinerisch.com\/de\/wp-json\/wp\/v2\/posts\/46","targetHints":{"allow":["GET"]}}],"collection":[{"href":"http:\/\/berlinerisch.com\/de\/wp-json\/wp\/v2\/posts"}],"about":[{"href":"http:\/\/berlinerisch.com\/de\/wp-json\/wp\/v2\/types\/post"}],"author":[{"embeddable":true,"href":"http:\/\/berlinerisch.com\/de\/wp-json\/wp\/v2\/users\/1"}],"replies":[{"embeddable":true,"href":"http:\/\/berlinerisch.com\/de\/wp-json\/wp\/v2\/comments?post=46"}],"version-history":[{"count":0,"href":"http:\/\/berlinerisch.com\/de\/wp-json\/wp\/v2\/posts\/46\/revisions"}],"wp:attachment":[{"href":"http:\/\/berlinerisch.com\/de\/wp-json\/wp\/v2\/media?parent=46"}],"wp:term":[{"taxonomy":"category","embeddable":true,"href":"http:\/\/berlinerisch.com\/de\/wp-json\/wp\/v2\/categories?post=46"},{"taxonomy":"post_tag","embeddable":true,"href":"http:\/\/berlinerisch.com\/de\/wp-json\/wp\/v2\/tags?post=46"}],"curies":[{"name":"wp","href":"https:\/\/api.w.org\/{rel}","templated":true}]}}