{"id":65,"date":"2016-02-12T16:38:09","date_gmt":"2016-02-12T16:38:09","guid":{"rendered":"http:\/\/howifoughtthegermansandwon.de\/?p=65"},"modified":"2016-02-12T16:38:09","modified_gmt":"2016-02-12T16:38:09","slug":"michael-moore-und-ich","status":"publish","type":"post","link":"http:\/\/berlinerisch.com\/de\/2016\/02\/12\/michael-moore-und-ich\/","title":{"rendered":"Michael Moore und ich"},"content":{"rendered":"<p>Der neuste Film von Michael Moore kommt in Amerika in die Kinos \u2013 und am 15. Februar auch in Deutschland. Das hei\u00dft, ich darf zwei Monate lang in kein Kino, wo der Film gezeigt wird. Warum? Weil Leute mich immer f\u00fcr Michael Moore halten.<\/p>\n<p>Echt.<\/p>\n<p>Als ich in Deutschland mit Comedy anfing, vermittelte mir ein anderer Komiker nach einen Auftritt die schlechte Nachricht.<\/p>\n<p>\u201eWei\u00dft du wem du \u00e4hnlich siehst?\u201c<\/p>\n<figure id=\"attachment_66\" aria-describedby=\"caption-attachment-66\" style=\"width: 500px\" class=\"wp-caption aligncenter\"><img loading=\"lazy\" decoding=\"async\" class=\"size-full wp-image-66\" src=\"http:\/\/berlinerisch.com\/de\/wp-content\/uploads\/sites\/3\/2016\/02\/moore.jpg\" alt=\"Michael Moore\" width=\"500\" height=\"250\" srcset=\"http:\/\/berlinerisch.com\/de\/wp-content\/uploads\/sites\/3\/2016\/02\/moore.jpg 500w, http:\/\/berlinerisch.com\/de\/wp-content\/uploads\/sites\/3\/2016\/02\/moore-300x150.jpg 300w\" sizes=\"auto, (max-width: 500px) 100vw, 500px\" \/><figcaption id=\"caption-attachment-66\" class=\"wp-caption-text\">Foto <a href=\"https:\/\/www.instagram.com\/michaelfmoore\/\" target=\"_blank\">Michael Moore<\/a> und <a href=\"http:\/\/www.gene-glover.com\/\" target=\"_blank\">Gene Glover<\/a><\/figcaption><\/figure>\n<p>\u201eNaja, als Kind haben die Leute immer Michael J. Fox gesagt\u2026\u201c<\/p>\n<p>\u201eNein. Dem Autor Michael Moore.\u201d<\/p>\n<p>In Deutschland denkt man das Michael Moore haupts\u00e4chlich Autor ist. In Amerika wei\u00df man gar nicht, dass er B\u00fccher schreibt. Kulturelle Unterschiede halt.<\/p>\n<p>Aber von da an hatte ich meine Er\u00f6ffnung auf der B\u00fchne: \u201eNein, ich bin nicht Michael Moore.\u201c Manchmal sah ich, dass Leute dadurch entt\u00e4uscht waren. Eine Frau stand einmal auf und ging. Vielleicht weil ich nicht Michael Moore war. Oder vielleicht weil sie aufs Klo musste.<\/p>\n<p>Du darfst entscheiden.<\/p>\n<h2>Ich bin ein Michael Moore<\/h2>\n<p>Ich hatte das Ganze vergessen, bis wir neulich in Portland Essen waren. Meine Frau und ich waren beim Japaner. Im Restaurant waren nur meine Frau, ich und die Kellnerin und der Koch. Wir bekamen ziemlich viel Aufmerksamkeit. Manchmal brachte die Kellnerin das Essen am Tisch. Manchmal der Koch. Sie waren etwas \u00e4lter als wir, l\u00e4chelten viel und ich w\u00fcrde meinen, dass sie ein P\u00e4rchen waren aber ich will nicht voreilig sein.<\/p>\n<p>Vielleicht waren sie dann nicht zusammen aber jetzt. Wer wei\u00df?<\/p>\n<p>Aber irgendwann sagte der Kellner einfach: \u201eOf course! We know the gentleman!\u201c<\/p>\n<p>Was uns komisch vorkam.<\/p>\n<p>Meine Frau zuckte die Schulter einfach aber ich wusste was los war: Er dachte, ich sei Michael Moore. Wir waren sogar in dem Teil Portlands wo, sollte Michael Moore in Portland sein, Michael Moore sein w\u00fcrde. Portland hat sogar ein Hollywood \u2013 wir wohnen dort \u2013 aber da w\u00fcrden keine Promis Mittag speisen. Aber sie <a href=\"http:\/\/www.wweek.com\/2015\/12\/30\/quentin-tarantino-pops-up-in-portland\/\" target=\"_blank\">tauchen trotzdem manchmal in Hollywood, Portland<\/a> auf.<\/p>\n<p>Ich nenne Michael Moore ab jetzt nur Michael. Ich darf das. Wenn man ein Doppelg\u00e4nger ist, darf man den anderen duzen. Steht im Regelbuch. Ich habe nachgeschaut.<\/p>\n<p>Aber als der Kellner das mit Gentleman sagte, wurde ich rot und nerv\u00f6s. Weil, dann muss ich die Situation kl\u00e4ren. Ich muss jetzt sagen, nein, der bin ich nicht und so tun also ob es mir nicht\u00a0 unangenehmen ist.<\/p>\n<p>Jedem wird es dann unangenehm wegen mir.<\/p>\n<p>Und es ist nicht gerade schmeichelhaft mit Michael Moore verwechselt zu werden. Zumindest ist es nicht George Lucas. Selbst Werner Herzog w\u00e4re eine Verbesserung.<\/p>\n<p><iframe loading=\"lazy\" title=\"Where to Invade Next - Official Trailer (HD)\" width=\"500\" height=\"281\" src=\"https:\/\/www.youtube.com\/embed\/r4JJvfrkH3M?feature=oembed\" frameborder=\"0\" allow=\"accelerometer; autoplay; clipboard-write; encrypted-media; gyroscope; picture-in-picture; web-share\" referrerpolicy=\"strict-origin-when-cross-origin\" allowfullscreen><\/iframe><\/p>\n<p>Wenn ich meinen Freunden von der Michael Problematik erz\u00e4hle, sagen sie immer das gleiche: \u201eDu bist aber gar nicht so dick!\u201c Ich wei\u00df. Aber dick genug, anscheinend.<\/p>\n<p>Zwei Wochen sp\u00e4ter befanden wir uns auf einer Geburtstagsfeier. Eine Frau setzte sich neben mir hin.<\/p>\n<p>\u201eIch hei\u00dfe Drew\u201c, sagte ich.<\/p>\n<p>\u201eIch hei\u00dfe Alexandra\u201c, sagte sie und fragte nach meinem Nachnamen. Dann schien sie von meinem echten Nachnahmen entt\u00e4uscht zu sein.<\/p>\n<p>\u201eIch dachte, es w\u00fcrde `Moore\u2018 sein.\u201c<\/p>\n<p>Was mir wieder mal komisch vorkam.<\/p>\n<p>Wenn es mir schon so geht, wenn Michael gar nicht im Rampenlicht steht, stell dir mal vor, wie es mir geht, wenn er gerade \u00fcberall zu sehen ist. Ich k\u00f6nnte Autogramme verteilen.<\/p>\n<p>Die Berlinale fing auch diese Woche an. Als ich noch in Berlin wohnte, musste ich aufh\u00f6ren, dort Filme zu gucken. Wegen Michael. Berlin f\u00fcllt sich mit Filmbegeisterten w\u00e4hrend der Berlinale und sie wollen immer was von mir. Oder besser gesagt, von Michael.<\/p>\n<p>Einmal auf der Berlinale warteten ein Freund und ich auf Einlass f\u00fcr einen <a href=\"https:\/\/www.youtube.com\/watch?v=_U2LUsfeMwg\" target=\"_blank\">Casey Affleck Film<\/a>. Eine Frau neben mir wurde sichtlich nerv\u00f6s. Ihre H\u00e4nde zitterten und sie wurde ganz rot im Gesicht.<\/p>\n<h2>Die Berlinale<\/h2>\n<p>\u201eUnd Sie gehen in diesen Film weil\u2026\u201c sagte sie, schmunzelnd.<\/p>\n<p>Was mir, ja, komisch vorkam.<\/p>\n<p>\u201eWeil mein Kumpel hier hat mir Karten besorgt\u201c, sagte ich. Mein Kumpel sieht nicht aus wie ein Dokumentarfilmemacher. Oder gar ein Filmemacher. Sie sah leicht entt\u00e4uscht aus und schlich weg. Ich wei\u00df aber nicht, ob sie es verstanden hat oder jedem erz\u00e4hlt, was Filme angeht, hat Michael Moore einen ganz schlechten Geschmack.<\/p>\n<p>Danach sind wir in meine <a href=\"http:\/\/www.keyser-soze.de\/\" target=\"_blank\">Lieblingskneipe <\/a>um die Ecke gefahren. Sobald wir eintraten, kam es mir vor wie in einem Western Film, wo der neue Sheriff in den Saloon marschiert. Alle wurden pl\u00f6tzlich still und sogar die Musik h\u00f6rte auf zu spielen.<\/p>\n<p>Wir waren aber kein Sheriff und seine Posse. Wir waren nur wir. Und wir wollten nur ein Bier. Wir schlichen nach hinten und alle machten wieder das, was sie schon vorher gemacht hatten.<\/p>\n<p>Ihr sollt wahrscheinlich Michael Moores` neuen Film gucken (<a href=\"http:\/\/michaelmoore.com\/books\" target=\"_blank\">oder das Buch lesen<\/a>).<\/p>\n<p>Ich kann ja nicht.<\/p>\n","protected":false},"excerpt":{"rendered":"<p>Der neuste Film von Michael Moore kommt in Amerika in die Kinos \u2013 und am 15. Februar auch in Deutschland. Das hei\u00dft, ich darf zwei&#8230;<\/p>\n<div class=\"more-link-wrapper\"><a class=\"more-link\" href=\"http:\/\/berlinerisch.com\/de\/2016\/02\/12\/michael-moore-und-ich\/\">Weiterlesen<span class=\"screen-reader-text\">Michael Moore und ich<\/span><\/a><\/div>\n","protected":false},"author":1,"featured_media":0,"comment_status":"open","ping_status":"open","sticky":false,"template":"","format":"standard","meta":{"footnotes":""},"categories":[4],"tags":[12,19,34,39],"class_list":["post-65","post","type-post","status-publish","format-standard","hentry","category-ich","tag-berlinale","tag-flim","tag-michael-moore","tag-portland","entry"],"_links":{"self":[{"href":"http:\/\/berlinerisch.com\/de\/wp-json\/wp\/v2\/posts\/65","targetHints":{"allow":["GET"]}}],"collection":[{"href":"http:\/\/berlinerisch.com\/de\/wp-json\/wp\/v2\/posts"}],"about":[{"href":"http:\/\/berlinerisch.com\/de\/wp-json\/wp\/v2\/types\/post"}],"author":[{"embeddable":true,"href":"http:\/\/berlinerisch.com\/de\/wp-json\/wp\/v2\/users\/1"}],"replies":[{"embeddable":true,"href":"http:\/\/berlinerisch.com\/de\/wp-json\/wp\/v2\/comments?post=65"}],"version-history":[{"count":0,"href":"http:\/\/berlinerisch.com\/de\/wp-json\/wp\/v2\/posts\/65\/revisions"}],"wp:attachment":[{"href":"http:\/\/berlinerisch.com\/de\/wp-json\/wp\/v2\/media?parent=65"}],"wp:term":[{"taxonomy":"category","embeddable":true,"href":"http:\/\/berlinerisch.com\/de\/wp-json\/wp\/v2\/categories?post=65"},{"taxonomy":"post_tag","embeddable":true,"href":"http:\/\/berlinerisch.com\/de\/wp-json\/wp\/v2\/tags?post=65"}],"curies":[{"name":"wp","href":"https:\/\/api.w.org\/{rel}","templated":true}]}}